{"id":1636,"date":"2020-10-10T20:22:36","date_gmt":"2020-10-10T19:22:36","guid":{"rendered":"http:\/\/tatiana-von-allmen.ch\/wordpress\/?p=1636"},"modified":"2020-11-05T18:12:28","modified_gmt":"2020-11-05T17:12:28","slug":"2-rang-am-verticale-du-suchet-vd-10-10-2020","status":"publish","type":"post","link":"http:\/\/tatiana-von-allmen.ch\/wordpress\/?p=1636","title":{"rendered":"2. Rang am Verticale du Suchet VD &#8211; 10.10.2020"},"content":{"rendered":"\n<p>Eine l\u00e4ngere Zugfahrt in den Kanton Waadt steht bevor. Es regnet und ist kalt. Ich hoffe, dass es auf der Laufstrecke nicht zu matschig wird und zuoberst auf dem Gipfel keinen Schnee hat!<\/p>\n\n\n\n<p>Heute mache ich einen Vertikal mit Start in Les M\u00e9l\u00e8zes. Das Ziel ist auf dem sch\u00f6nen Mont Suchet, den ich von fr\u00fcheren Wanderungen \u00fcber die Juragebirgsz\u00fcge schon kenne. Der Unterschied zu einem klassischen Berglauf ist, dass hier nicht die Kilometer z\u00e4hlen, sondern die H\u00f6henmeter: Der Vertikal f\u00fchrt auf dem direktesten Weg vom Start zum Ziel, sprich: Die Strecke ist 4 Kilometer lang und man bew\u00e4ltigt 900 Meter H\u00f6henunterschied! Und auf das freue ich mich riesig! &#x1f60a;<\/p>\n\n\n\n<p>Es sind fast 250 Teilnehmer angemeldet (mehr sind nicht erlaubt). Auf dem Startgel\u00e4nde hat es nicht viele Leute, denn es ist Einzelstart. Alle 30 Sekunden startet ein L\u00e4ufer; jeder hat seine genaue Startzeit. Das ist einerseits praktisch, um Massenansammlungen zu vermeiden (Vermeidung von Corona-Ansteckungen), andererseits kommt es beim Lauf und vor allem am Anfang zu keinen Staus auf der Strecke. Schliesslich f\u00fchrt die Strecke zuerst \u00fcber einen Waldweg \u00fcber Stock und Stein bis zur Baumgrenze. Dann l\u00e4uft man <em>stotz\u00e4gredi<\/em> (um es berndeutsch auszudr\u00fccken &#8211; dieser Begriff bringt es auf den Punkt) \u00fcber das Bord zum h\u00f6chsten Punkt auf dem Mont Suchet.<\/p>\n\n\n\n<p>F\u00fcr mich ist es eine Premiere, denn ich hatte noch nie einen Einzelstart an einem Lauf. Beim Einzelstart hast du keine direkte Konkurrenz, kein L\u00e4uferfeld und niemanden vorne, der dich &#8218;zieht&#8216;. Aber wie gesagt, das muss \u00fcberhaupt kein Nachteil sein, f\u00fcr mich jedenfalls nicht: Ich komme in keinen Stau, \u00dcberholen ist kein Problem und ich habe praktisch immer freie Bahn! Und: ich kann von Anfang an meinen eigenen Rhythmus laufen, ohne zu schnell starten zu &#8218;m\u00fcssen&#8216;. F\u00fcr mich hat diese Art Lauf nur Vorteile!<\/p>\n\n\n\n<p>Zum Gl\u00fcck hat es aufgeh\u00f6rt zu regnen! Als ich loslaufe, komme ich sofort in einen guten Laufrhythmus und der steile Pfad macht mir einfach Spass! Auf der ersten H\u00e4lfte der Strecke \u00fcberhole ich immer wieder L\u00e4uferinnen und L\u00e4ufer, welche vor mir gestartet sind. Ich merke gleich, dass mir der Vertikal sehr gut liegt und ich komme so richtig in Fahrt!<\/p>\n\n\n\n<p>Meine Bef\u00fcrchtungen wegen Matsch haben sich zum Gl\u00fcck nicht bewahrheitet. Es hat nur ganz vereinzelt wirklich rutschige Stellen. Auch hat es keinen Schnee!<\/p>\n\n\n\n<p>Das Lustige ist, dass auf der Strecke keine Kilometer angegeben werden. Es hat Tafeln mit der Angabe, wie viele H\u00f6henmeter man schon hinter sich hat! Als ich bei der Tafel mit 700 H\u00f6henmetern vorbeilaufe, weiss ich, dass ich noch 200 vor mir habe, und das geht noch soo laaange&#8230;.<\/p>\n\n\n\n<p>Der Berglauf ist von Anfang an technisch anspruchsvoll. Und je n\u00e4her das Ziel r\u00fcckt, umso steiler wird es! Man muss beim Laufen kraftvoll abstossen und mit den Armen den Schwung mitnehmen. Ich habe noch 100 H\u00f6henmeter zu machen und bin v\u00f6llig im Flow und im Nebel &#x1f601; !<\/p>\n\n\n\n<p>Etwas unterhalb des Ziels steht mein Trainer und feuert mich an. Ich bin immer noch im \u00dcberholmodus und habe einfach eine Riesenfreude, weil es mir so gut l\u00e4uft und es ein echtes Erlebnis ist, auf so einer Rampe einfach &#8218;hochzufliegen&#8216;! Ich bin so begeistert, dass ich schon vor dem Zieleinlauf juble und die Arme hochstrecke! Auch wenn ich zu diesem Zeitpunkt noch nicht weiss, wie ich rangiert bin, freue ich mich \u00fcber den sch\u00f6nen Lauf und die tolle Leistung &#8211; wenn&#8217;s l\u00e4uft, dann l\u00e4uft&#8217;s &#x1f609; ! <\/p>\n\n\n\n<p>Am Nachmittag ist die Rangliste im Internet verf\u00fcgbar. Mein gutes Gef\u00fchl hat mich nicht get\u00e4uscht: Ich werde 2. hinter der Franz\u00f6sin Christel Dewalle (Bronzemedaillengewinnerin an der Berglauf-Europameisterschaft 2019) und freue mich extrem dar\u00fcber! 3. wird M\u00e9lanie Jeannerod. Sowohl bei den Damen wie auch bei den Herren wird der Streckenrekord gebrochen. \u00dcbrigens ist meine Laufzeit sehr schnell: Overall mit den M\u00e4nnern werde ich 16.!<\/p>\n\n\n\n<div class=\"wp-block-buttons is-layout-flex wp-block-buttons-is-layout-flex\">\n<div class=\"wp-block-button\"><a class=\"wp-block-button__link\" href=\"http:\/\/www.teamsuchet.ch\/images\/FilesDownloadable\/Results\/Results2020.pdf\" target=\"_blank\" rel=\"noreferrer noopener\">Rangliste 2020<\/a><\/div>\n<\/div>\n\n\n\n<p>F\u00fcr die Overall-Rangliste der Damen scrolle bis S. 21 &#8218;Scratch femmes&#8216;. Overall-Rangliste der Herren auf S. 9.<\/p>\n\n\n\n<div class=\"wp-block-group\"><div class=\"wp-block-group__inner-container is-layout-flow wp-block-group-is-layout-flow\">\n<figure class=\"wp-block-gallery columns-2 is-cropped wp-block-gallery-1 is-layout-flex wp-block-gallery-is-layout-flex\"><ul class=\"blocks-gallery-grid\"><li class=\"blocks-gallery-item\"><figure><img decoding=\"async\" src=\"http:\/\/tatiana-von-allmen.ch\/wordpress\/wp-content\/uploads\/20201010_095758.jpg\" alt=\"\" data-id=\"1623\" data-link=\"http:\/\/tatiana-von-allmen.ch\/wordpress\/?attachment_id=1623\" class=\"wp-image-1623\"\/><\/figure><\/li><li class=\"blocks-gallery-item\"><figure><img decoding=\"async\" src=\"http:\/\/tatiana-von-allmen.ch\/wordpress\/wp-content\/uploads\/20201010_123852.jpg\" alt=\"\" data-id=\"1634\" data-link=\"http:\/\/tatiana-von-allmen.ch\/wordpress\/?attachment_id=1634\" class=\"wp-image-1634\"\/><\/figure><\/li><\/ul><figcaption class=\"blocks-gallery-caption\">Links Startgel\u00e4nde in Les M\u00e9l\u00e8zes. Rechts auf der Strecke: Siehe orangen Punkt oben links &#8211; das ist ein L\u00e4ufer &#8211; wenn das nicht steil ist?!?<\/figcaption><\/figure>\n\n\n\n<div class=\"wp-block-group\"><div class=\"wp-block-group__inner-container is-layout-flow wp-block-group-is-layout-flow\">\n<div class=\"wp-block-group\"><div class=\"wp-block-group__inner-container is-layout-flow wp-block-group-is-layout-flow\">\n<figure class=\"wp-block-gallery columns-2 is-cropped wp-block-gallery-2 is-layout-flex wp-block-gallery-is-layout-flex\"><ul class=\"blocks-gallery-grid\"><li class=\"blocks-gallery-item\"><figure><img decoding=\"async\" src=\"http:\/\/tatiana-von-allmen.ch\/wordpress\/wp-content\/uploads\/20201010_121210.jpg\" alt=\"\" data-id=\"1625\" data-link=\"http:\/\/tatiana-von-allmen.ch\/wordpress\/?attachment_id=1625\" class=\"wp-image-1625\"\/><\/figure><\/li><li class=\"blocks-gallery-item\"><figure><img decoding=\"async\" src=\"http:\/\/tatiana-von-allmen.ch\/wordpress\/wp-content\/uploads\/20201010_121149.jpg\" alt=\"\" data-id=\"1624\" data-link=\"http:\/\/tatiana-von-allmen.ch\/wordpress\/?attachment_id=1624\" class=\"wp-image-1624\"\/><\/figure><\/li><\/ul><figcaption class=\"blocks-gallery-caption\">Nach dem Lauf: Beim Chalet du Suchet, welches sich unterhalb des h\u00f6chsten Punkts auf dem Suchet befindet. Das Ziel ist zuoberst (siehe rechtes Bild oben).<\/figcaption><\/figure>\n<\/div><\/div>\n<\/div><\/div>\n<\/div><\/div>\n\n\n\n<figure class=\"wp-block-image size-large\"><img decoding=\"async\" src=\"http:\/\/tatiana-von-allmen.ch\/wordpress\/wp-content\/uploads\/20201010_123152.jpg\" alt=\"\" class=\"wp-image-1630\"\/><figcaption>Ohne Bew\u00f6lkung w\u00fcrde man die Alpen sehen.<\/figcaption><\/figure>\n\n\n\n<figure class=\"wp-block-image size-large\"><img loading=\"lazy\" decoding=\"async\" width=\"1920\" height=\"2560\" src=\"http:\/\/tatiana-von-allmen.ch\/wordpress\/wp-content\/uploads\/20201010_123104-scaled.jpg\" alt=\"\" class=\"wp-image-1627\"\/><figcaption>Danke meinem Trainer f\u00fcr die tolle Unterst\u00fctzung!<\/figcaption><\/figure>\n\n\n\n<figure class=\"wp-block-image size-large\"><img decoding=\"async\" src=\"http:\/\/tatiana-von-allmen.ch\/wordpress\/wp-content\/uploads\/20201010_124607.jpg\" alt=\"\" class=\"wp-image-1635\"\/><figcaption>An einem Verticale z\u00e4hlen nicht die Kilometer, sondern die H\u00f6henmeter. Hier hat man 700 Meter H\u00f6hendifferenz geschafft &#8211; 200 stehen noch bevor&#8230;<\/figcaption><\/figure>\n","protected":false},"excerpt":{"rendered":"<p>Eine l\u00e4ngere Zugfahrt in den Kanton Waadt steht bevor. Es regnet und ist kalt. Ich hoffe, dass es auf der Laufstrecke nicht zu matschig wird und zuoberst auf dem Gipfel keinen Schnee hat! Heute mache ich einen Vertikal mit Start in Les M\u00e9l\u00e8zes. Das Ziel ist auf dem sch\u00f6nen Mont Suchet, den ich von fr\u00fcheren &hellip; <a href=\"http:\/\/tatiana-von-allmen.ch\/wordpress\/?p=1636\" class=\"more-link\"><span class=\"screen-reader-text\">2. Rang am Verticale du Suchet VD &#8211; 10.10.2020<\/span> weiterlesen<\/a><\/p>\n","protected":false},"author":2,"featured_media":0,"comment_status":"open","ping_status":"closed","sticky":false,"template":"","format":"standard","meta":{"footnotes":""},"categories":[2],"tags":[19],"class_list":["post-1636","post","type-post","status-publish","format-standard","hentry","category-berglauf","tag-verticale-du-suchet"],"_links":{"self":[{"href":"http:\/\/tatiana-von-allmen.ch\/wordpress\/index.php?rest_route=\/wp\/v2\/posts\/1636","targetHints":{"allow":["GET"]}}],"collection":[{"href":"http:\/\/tatiana-von-allmen.ch\/wordpress\/index.php?rest_route=\/wp\/v2\/posts"}],"about":[{"href":"http:\/\/tatiana-von-allmen.ch\/wordpress\/index.php?rest_route=\/wp\/v2\/types\/post"}],"author":[{"embeddable":true,"href":"http:\/\/tatiana-von-allmen.ch\/wordpress\/index.php?rest_route=\/wp\/v2\/users\/2"}],"replies":[{"embeddable":true,"href":"http:\/\/tatiana-von-allmen.ch\/wordpress\/index.php?rest_route=%2Fwp%2Fv2%2Fcomments&post=1636"}],"version-history":[{"count":38,"href":"http:\/\/tatiana-von-allmen.ch\/wordpress\/index.php?rest_route=\/wp\/v2\/posts\/1636\/revisions"}],"predecessor-version":[{"id":1700,"href":"http:\/\/tatiana-von-allmen.ch\/wordpress\/index.php?rest_route=\/wp\/v2\/posts\/1636\/revisions\/1700"}],"wp:attachment":[{"href":"http:\/\/tatiana-von-allmen.ch\/wordpress\/index.php?rest_route=%2Fwp%2Fv2%2Fmedia&parent=1636"}],"wp:term":[{"taxonomy":"category","embeddable":true,"href":"http:\/\/tatiana-von-allmen.ch\/wordpress\/index.php?rest_route=%2Fwp%2Fv2%2Fcategories&post=1636"},{"taxonomy":"post_tag","embeddable":true,"href":"http:\/\/tatiana-von-allmen.ch\/wordpress\/index.php?rest_route=%2Fwp%2Fv2%2Ftags&post=1636"}],"curies":[{"name":"wp","href":"https:\/\/api.w.org\/{rel}","templated":true}]}}