{"id":1572,"date":"2020-09-14T19:22:05","date_gmt":"2020-09-14T18:22:05","guid":{"rendered":"http:\/\/tatiana-von-allmen.ch\/wordpress\/?p=1572"},"modified":"2020-09-14T19:22:05","modified_gmt":"2020-09-14T18:22:05","slug":"3-rang-bei-la-grimpette-des-bedjuis-vs-12-9-2020","status":"publish","type":"post","link":"http:\/\/tatiana-von-allmen.ch\/wordpress\/?p=1572","title":{"rendered":"3. Rang bei La Grimpette des Bedjuis VS &#8211; 12.9.2020"},"content":{"rendered":"\n<p>La Grimpette des Bedjuis im sch\u00f6nen Wallis geh\u00f6rt mit 6,3 km Streckenl\u00e4nge und 960 m H\u00f6hendifferenz zu meinen Favoriten unter den Bergl\u00e4ufen. Der steile Berglauf liegt mir &#8211; ich habe ihn bereits 4x gewonnen! Heute starte ich hier \u00fcbrigens zum 10. Mal \ud83d\ude09 !<\/p>\n\n\n\n<p>Der Start ist in Riddes. Die Strecke f\u00fchrt auf dem ersten Kilometer durch das Dorf. Dann folgt die Abzweigung in die steilen Serpentinen bis ins Bergdorf Is\u00e9rables. Schliesslich kommt der letzte und happigste Aufstieg bis zum Ziel auf Les Cr\u00eateaux.<\/p>\n\n\n\n<p>Den ersten Kilometer durch das Dorf nehme ich relativ locker unter die F\u00fcsse. Anfangs preschen so viele L\u00e4ufer an mir vorbei, dass ich sogleich keinen \u00dcberblick mehr habe. Ich bin bei den L\u00e4uferinnen irgendwo um die 10. Stelle. Sobald es in die Serpentinen geht und es endlich steigt, fange ich an zu \u00fcberholen. Hier l\u00e4uft es mir sehr gut. Bevor die Serpentinen enden und in die geteerte Strasse Richtung Is\u00e9rables m\u00fcnden, \u00fcberhole ich als letztes die L\u00e4uferin Laura Bocchino. In Sichtweite ist die n\u00e4chste L\u00e4uferin Marjorie Berrut. Aber ich merke, dass es mir heute nicht so leicht geht wie auch schon und sie distanziert mich von hier an.<\/p>\n\n\n\n<p>Dieser Abschnitt ist relativ lang und immer sehr steil. Auch wenn ich merke, dass ich heute vermutlich nicht meine beste Leistung abrufen kann und ich auch nicht so dynamisch laufe wie sonst, versuche ich mich auf den letzten und steilsten Kilometer des Laufes zu konzentrieren. Als es in diese letzte Steigung geht, welche teilweise fast \u00fcberh\u00e4ngend ist, l\u00e4uft von hinten Laura Bocchino in hohem Tempo auf mich auf. Wir duellieren uns &#8211; einmal l\u00e4uft sie vorne, dann wieder ich, dann wieder sie&#8230;. Und laufend \u00fcberholen wir weitere L\u00e4ufer. <\/p>\n\n\n\n<p>Langsam aber sicher merke ich, dass heute wirklich nicht ganz mein Tag ist: Ich sp\u00fcre, wie sich langsam Wadenkr\u00e4mpfe ank\u00fcndigen&#8230; Und trotz allem: Es sind noch 500 Meter bis ins Ziel und von nun an bin ich tats\u00e4chlich vor Laura und versuche trotz Kr\u00e4mpfen meinen Rang zu verteidigen. Ich kann nicht mehr richtig rennen, darum habe ich meinen Stil in einen Marsch mit grossen Schritten umgewandelt (das ist mir noch nie passiert) und weil ich so geb\u00fcckt laufe, ist mein Kinn fast auf dem Boden&#8230;<\/p>\n\n\n\n<p>Die letzten 150 Meter flachen etwas ab und die Kr\u00e4mpfe sind so schlimm, dass ich nicht mehr anlaufen kann. Ich schleiche irgendwie ins Ziel , mit dem Bewusstsein, dass mich meine Verfolgerin Laura noch \u00fcberspurten k\u00f6nnte. Aber ich habe Gl\u00fcck und es reicht mir noch!<\/p>\n\n\n\n<p>Wie es mir hier auf dem letzten Kilometer ergangen ist, ist ein Beispiel daf\u00fcr, wie unglaublich viel Zeit man in einer Rampe verlieren kann! Wenn du im extrem steilen Gel\u00e4nde nicht mehr fl\u00fcssig l\u00e4ufst, dann geht es nicht mehr um ein paar wenige Sekunden, sondern du verlierst enorm viel Zeit!!! Es war hart (wegen der Kr\u00e4mpfe), ich bin es mir so nicht gewohnt. Normalerweise ist genau das mein Part und ich &#8222;fliege&#8220; hoch! Aber ich muss auch wieder sagen, dass meine heutige Laufzeit von 50:18 relativ gesehen eigentlich gut ist! Meine pers\u00f6nliche Bestzeit von 48:31 wollte ich noch toppen, aber in dem Fall verschiebe ich es auf ein andermal \ud83d\ude09 !<\/p>\n\n\n\n<p>Die beiden jungen L\u00e4uferinnen vor und hinter mir sind sehr talentiert. Vor mir wird Marjorie Berrut Zweite und hinter mir Laura Bocchino Vierte. Die Siegerin Christel Dewalle (Bronzemedaillengewinnerin an der Berglauf-Europameisterschaft 2019) l\u00e4uft mit einer sagenhaften Zeit von 43:05 ins Ziel und unterbietet somit den bisherigen Streckenrekord der britischen Weltklasse-Bergl\u00e4uferin Sarah Tunstall (47:27) um krasse 4:22!! Dewalle deklassiert nicht nur die starken Bergl\u00e4uferinnen, sondern auch noch die meisten L\u00e4ufer: Sie l\u00e4uft nach dem 5. L\u00e4ufer ins Ziel!<\/p>\n\n\n\n<p>Auch bei den Herren kommt es zu neuem Streckenrekord: N\u00e4mlich der schnelle Kolumbianer William Rodriguez setzt die neue Marke von 38:28 und unterbietet die bisherige Rekordzeit von R\u00e9mi Bonnet.<\/p>\n\n\n\n<p>Die aktuelle Rangliste (nach unten scrollen, dort sind die Overallranglisten unter &#8218;Scratch femmes&#8216; und &#8218;Scratch hommes&#8216; zu finden):<\/p>\n\n\n\n<div class=\"wp-block-buttons is-layout-flex wp-block-buttons-is-layout-flex\">\n<div class=\"wp-block-button\"><a class=\"wp-block-button__link\" href=\"http:\/\/www.grimpette.ch\/attachments\/article\/60\/Grimpette2020_r%C3%A9sultats_1.pdf\" target=\"_blank\" rel=\"noreferrer noopener\">Rangliste 2020<\/a><\/div>\n<\/div>\n\n\n\n<figure class=\"wp-block-image size-large\"><img decoding=\"async\" src=\"http:\/\/tatiana-von-allmen.ch\/wordpress\/wp-content\/uploads\/20200912_122143.jpg\" alt=\"\" class=\"wp-image-1566\"\/><figcaption>Aussicht von Is\u00e9rables<\/figcaption><\/figure>\n\n\n\n<figure class=\"wp-block-image size-large\"><img loading=\"lazy\" decoding=\"async\" width=\"1920\" height=\"2560\" src=\"http:\/\/tatiana-von-allmen.ch\/wordpress\/wp-content\/uploads\/20200912_120057-scaled.jpg\" alt=\"\" class=\"wp-image-1562\" srcset=\"http:\/\/tatiana-von-allmen.ch\/wordpress\/wp-content\/uploads\/20200912_120057-scaled.jpg 1920w, http:\/\/tatiana-von-allmen.ch\/wordpress\/wp-content\/uploads\/20200912_120057-225x300.jpg 225w\" sizes=\"auto, (max-width: 1920px) 100vw, 1920px\" \/><figcaption>Der letzte Kilometer&#8230;<\/figcaption><\/figure>\n\n\n\n<figure class=\"wp-block-image size-large\"><img decoding=\"async\" src=\"http:\/\/tatiana-von-allmen.ch\/wordpress\/wp-content\/uploads\/20200912_115802.jpg\" alt=\"\" class=\"wp-image-1569\"\/><\/figure>\n\n\n\n<figure class=\"wp-block-image size-large\"><img decoding=\"async\" src=\"http:\/\/tatiana-von-allmen.ch\/wordpress\/wp-content\/uploads\/20200912_115440-1.jpg\" alt=\"\" class=\"wp-image-1565\"\/><\/figure>\n\n\n\n<figure class=\"wp-block-image size-large\"><img decoding=\"async\" src=\"http:\/\/tatiana-von-allmen.ch\/wordpress\/wp-content\/uploads\/20200912_115440.jpg\" alt=\"\" class=\"wp-image-1563\"\/><\/figure>\n\n\n\n<figure class=\"wp-block-image size-large\"><img decoding=\"async\" src=\"http:\/\/tatiana-von-allmen.ch\/wordpress\/wp-content\/uploads\/20200912_114221.jpg\" alt=\"\" class=\"wp-image-1573\"\/><figcaption>Im Zielgel\u00e4nde auf Les Cr\u00eateaux<\/figcaption><\/figure>\n","protected":false},"excerpt":{"rendered":"<p>La Grimpette des Bedjuis im sch\u00f6nen Wallis geh\u00f6rt mit 6,3 km Streckenl\u00e4nge und 960 m H\u00f6hendifferenz zu meinen Favoriten unter den Bergl\u00e4ufen. Der steile Berglauf liegt mir &#8211; ich habe ihn bereits 4x gewonnen! Heute starte ich hier \u00fcbrigens zum 10. Mal \ud83d\ude09 ! Der Start ist in Riddes. Die Strecke f\u00fchrt auf dem ersten &hellip; <a href=\"http:\/\/tatiana-von-allmen.ch\/wordpress\/?p=1572\" class=\"more-link\"><span class=\"screen-reader-text\">3. Rang bei La Grimpette des Bedjuis VS &#8211; 12.9.2020<\/span> weiterlesen<\/a><\/p>\n","protected":false},"author":2,"featured_media":0,"comment_status":"open","ping_status":"closed","sticky":false,"template":"","format":"standard","meta":{"footnotes":""},"categories":[2],"tags":[17,14],"class_list":["post-1572","post","type-post","status-publish","format-standard","hentry","category-berglauf","tag-la-grimpette-des-bedjuis","tag-saison-2020"],"_links":{"self":[{"href":"http:\/\/tatiana-von-allmen.ch\/wordpress\/index.php?rest_route=\/wp\/v2\/posts\/1572","targetHints":{"allow":["GET"]}}],"collection":[{"href":"http:\/\/tatiana-von-allmen.ch\/wordpress\/index.php?rest_route=\/wp\/v2\/posts"}],"about":[{"href":"http:\/\/tatiana-von-allmen.ch\/wordpress\/index.php?rest_route=\/wp\/v2\/types\/post"}],"author":[{"embeddable":true,"href":"http:\/\/tatiana-von-allmen.ch\/wordpress\/index.php?rest_route=\/wp\/v2\/users\/2"}],"replies":[{"embeddable":true,"href":"http:\/\/tatiana-von-allmen.ch\/wordpress\/index.php?rest_route=%2Fwp%2Fv2%2Fcomments&post=1572"}],"version-history":[{"count":31,"href":"http:\/\/tatiana-von-allmen.ch\/wordpress\/index.php?rest_route=\/wp\/v2\/posts\/1572\/revisions"}],"predecessor-version":[{"id":1604,"href":"http:\/\/tatiana-von-allmen.ch\/wordpress\/index.php?rest_route=\/wp\/v2\/posts\/1572\/revisions\/1604"}],"wp:attachment":[{"href":"http:\/\/tatiana-von-allmen.ch\/wordpress\/index.php?rest_route=%2Fwp%2Fv2%2Fmedia&parent=1572"}],"wp:term":[{"taxonomy":"category","embeddable":true,"href":"http:\/\/tatiana-von-allmen.ch\/wordpress\/index.php?rest_route=%2Fwp%2Fv2%2Fcategories&post=1572"},{"taxonomy":"post_tag","embeddable":true,"href":"http:\/\/tatiana-von-allmen.ch\/wordpress\/index.php?rest_route=%2Fwp%2Fv2%2Ftags&post=1572"}],"curies":[{"name":"wp","href":"https:\/\/api.w.org\/{rel}","templated":true}]}}