{"id":1503,"date":"2020-08-22T18:25:10","date_gmt":"2020-08-22T17:25:10","guid":{"rendered":"http:\/\/tatiana-von-allmen.ch\/wordpress\/?p=1503"},"modified":"2021-03-30T19:16:51","modified_gmt":"2021-03-30T18:16:51","slug":"sieg-am-swiss-trailrun-pilatus-lu-22-8-2020","status":"publish","type":"post","link":"http:\/\/tatiana-von-allmen.ch\/wordpress\/?p=1503","title":{"rendered":"Sieg am Swiss TrailRun Pilatus LU &#8211; 22.8.2020"},"content":{"rendered":"\n<p>Es \u00abk\u00fcbelt\u00bb w\u00e4hrend der Hinfahrt mit dem Zug nach Luzern. Nach dem Ulmizberg-Lauf, welcher mir als Wiedereinstieg in den Berglauf-Wettkampf gedient hat, ist das hier erst mein zweiter Lauf dieses Jahr. Die Vorfreude ist riesig, vor allem wenn ich die Bilder der letztj\u00e4hrigen Erstaustragung des Trailruns anschaue, wo die vielen Treppen und Wurzelwege zu sehen sind!<\/p>\n\n\n\n<p><em>Zur Strecke:<\/em> Der Start ist in Kriens (LU) und das Ziel auf der \u00abDrachenalp\u00bb bei der Fr\u00e4km\u00fcntegg (NW), unterhalb des Pilatus. Es sind 8,5 km und 930 m H\u00f6hendifferenz zu bew\u00e4ltigen. Die Strecke f\u00fchrt zuerst \u00fcber einen steilen, geteerten Weg, welcher etwas sp\u00e4ter in einen Naturweg \u00fcbergeht. Die untere H\u00e4lfte des Laufs hat extrem steile Abschnitte; Treppen und Pfade wechseln sich ab. Ein grosser Teil der gesamten H\u00f6hendifferenz wird hier schon gemacht. Die obere Streckenh\u00e4lfte ist technisch sehr anspruchsvoll und fordert eine hohe Konzentration: Man l\u00e4uft vor allem auf einem wurzeligen Waldpfad \u00fcber Stock und Stein, es ist glitschig und der vom Regen aufgeweichte Boden morastig. Hier steigt es im Schnitt zwar weiterhin, aber die Strecke ist gepr\u00e4gt von kurzen Abstiegen und coupierten Abschnitten.<\/p>\n\n\n\n<p><em>Zur \u00abCorona-Organisation\u00bb:<\/em> Dieses Jahr ist wegen der Corona-Situation alles etwas anders als gewohnt. Die rund 300 L\u00e4uferinnen und L\u00e4ufer starten nicht alle gleichzeitig, sondern aufgeteilt in 5 Bl\u00f6cken mit einem Abstand von je 30 Minuten. Ich starte hier zum ersten Mal und sch\u00e4tze meine Laufzeit auf ca. 1 Stunde. Da ich die Strecke noch nicht kenne, bin ich vorsichtig und stufe mich im 2. Startblock (ab 60 min) ein. Beim Start ist Maskenpflicht und man steht mit Abstand zwischen den einzelnen L\u00e4uferinnen und L\u00e4ufer hinter der Startlinie ein. Die individuelle Laufzeit wird erst ab \u00dcberqueren der Startlinie ausgel\u00f6st, also kann man auch weit hinten einstehen, ohne dadurch Zeit einzub\u00fcssen.<\/p>\n\n\n\n<p><em>Zum Rennen:<\/em> Heute starte ich nicht zu schnell, denn im Gegensatz zum letzten Lauf (Ulmizberg 3,7 km) ist dieser Trail um einiges l\u00e4nger. Gl\u00fccklicherweise hat sich das Wetter nun etwas beruhigt und es regnet gerade nicht. Das L\u00e4uferfeld ist ziemlich auseinandergezogen. Ich laufe weit vorne und habe viel Platz. Nach den vielen steilen Treppen und Pfaden bin ich fast alleine unterwegs: Vor mir ist nur noch ein L\u00e4ufer! Ich komme voll in Fahrt und es macht einfach Spass &#x1f60a;!<\/p>\n\n\n\n<p>Da die obere H\u00e4lfte der Strecke &#8222;nur&#8220; noch kurze steile Stellen hat und vor allem (jedenfalls gef\u00fchlt) coupiert \u00fcber Wurzelpfade f\u00fchrt, bin ich als Bergl\u00e4uferin, welche das ganz steile Terrain bevorzugt, besonders gefordert \u2013 ich muss mich auf dem technisch sehr anspruchsvollen Weg sehr konzentrieren und dabei den fl\u00fcssigen Laufrhythmus behalten! Ich merke aber gleich, dass mir das Terrain liegt, und es macht richtig Spass, \u00fcber diese Wurzeln zu rennen! \u00abEs rollt!\u00bb, denke ich und versuche das Tempo m\u00f6glichst bis ins Ziel durchzuziehen. Ich rechne aber immer damit, dass mich L\u00e4ufer auf diesem Abschnitt \u00fcberholen. Wie sich zeigt, bin ich aber sehr schnell und konstant unterwegs, denn ich werde nach den Abstiegen nur noch von einem L\u00e4ufer \u00fcberholt, den ich nicht aus den Augen lasse und welcher mich bis ins Ziel \u00abzieht\u00bb!<\/p>\n\n\n\n<p><em>Beim Zieleinlauf<\/em> h\u00f6re ich mit halbem Ohr irgendwas von \u00abSiegerin\u00bb, aber ich bin mit den Gedanken noch beim Lauf und mein Blick haftet an der Stoppuhr, die eine Laufzeit von unter einer Stunde anzeigt: 58:18! Was f\u00fcr eine tolle Laufzeit!! Ich hoffe in dem Moment, dass es mir aufs Podest gereicht hat!<\/p>\n\n\n\n<p>Da kommt die sympathische L\u00e4uferin Selina Burch auf mich zu, welche im Block 1 gestartet und schon l\u00e4nger im Zeil ist. Sie gratuliert mir zum Sieg \u2013 <em>Wasss?!? Ich habe gewonnen? \u2013 Hammer!!!<\/em> &#x1f60a; \u2013 so meine Reaktion. Ich kann es fast nicht fassen! Die Freude \u00fcber diesen Sieg ist riesig; es war einfach ein gelungenes Rennen! Und die Konkurrenz war gross: Mit mir sind insgesamt 4 L\u00e4uferinnen unter einer Stunde gelaufen! Tolle Besetzung! Ich habe Selina vom virtuellen Podest verdr\u00e4ngt, sie ist vierte L\u00e4uferin. Die junge Sportlerin hat nach mir die zweitschnellste Zeit auf der oberen Streckenh\u00e4lfte und hat die 3.-platzierte Amanda St\u00e4heli fast eingeholt. Es fehlten nur noch 2 Sekunden! Nach mir auf Rang 2 ist Marketa Maly.<\/p>\n\n\n\n<p>An diesem Beispiel sieht man, dass auch in Zeiten von Corona ein Lauf-Event erfolgreich durchgef\u00fchrt werden kann! Danke dem tollen Organisator des Rennens, dem Verein SwissCityMarathon Lucerne!<\/p>\n\n\n\n<div class=\"wp-block-buttons is-layout-flex wp-block-buttons-is-layout-flex\">\n<div class=\"wp-block-button\"><a class=\"wp-block-button__link\" href=\"https:\/\/www.swisstrailrun.ch\/ranglisten\/rangliste-2020\/#1_E4EA5E\" target=\"_blank\" rel=\"noreferrer noopener\">Rangliste 2020<\/a><\/div>\n<\/div>\n\n\n\n<figure class=\"wp-block-image size-large\"><img loading=\"lazy\" decoding=\"async\" width=\"2560\" height=\"1701\" src=\"http:\/\/tatiana-von-allmen.ch\/wordpress\/wp-content\/uploads\/AlphaFoto_12743555-scaled.jpg\" alt=\"\" class=\"wp-image-1553\" srcset=\"http:\/\/tatiana-von-allmen.ch\/wordpress\/wp-content\/uploads\/AlphaFoto_12743555-scaled.jpg 2560w, http:\/\/tatiana-von-allmen.ch\/wordpress\/wp-content\/uploads\/AlphaFoto_12743555-300x199.jpg 300w\" sizes=\"auto, (max-width: 2560px) 100vw, 2560px\" \/><figcaption>Schnappschuss vor dem letzten Aufstieg. Aufnahme von Alpha Foto GmbH.<\/figcaption><\/figure>\n\n\n\n<figure class=\"wp-block-gallery columns-3 is-cropped wp-block-gallery-1 is-layout-flex wp-block-gallery-is-layout-flex\"><ul class=\"blocks-gallery-grid\"><li class=\"blocks-gallery-item\"><figure><img decoding=\"async\" src=\"http:\/\/tatiana-von-allmen.ch\/wordpress\/wp-content\/uploads\/20200822_115346-1.jpg\" alt=\"\" data-id=\"1552\" data-link=\"http:\/\/tatiana-von-allmen.ch\/wordpress\/?attachment_id=1552\" class=\"wp-image-1552\"\/><\/figure><\/li><li class=\"blocks-gallery-item\"><figure><img decoding=\"async\" src=\"http:\/\/tatiana-von-allmen.ch\/wordpress\/wp-content\/uploads\/20200822_115403.jpg\" alt=\"\" data-id=\"1554\" data-link=\"http:\/\/tatiana-von-allmen.ch\/wordpress\/?attachment_id=1554\" class=\"wp-image-1554\"\/><\/figure><\/li><li class=\"blocks-gallery-item\"><figure><img decoding=\"async\" src=\"http:\/\/tatiana-von-allmen.ch\/wordpress\/wp-content\/uploads\/2020\/08\/20200822_140200.jpg\" alt=\"\" data-id=\"1530\" data-link=\"http:\/\/tatiana-von-allmen.ch\/wordpress\/?attachment_id=1530\" class=\"wp-image-1530\"\/><\/figure><\/li><li class=\"blocks-gallery-item\"><figure><img decoding=\"async\" src=\"blob:http:\/\/tatiana-von-allmen.ch\/a1518ebd-a7cf-4a9a-8db4-211c7916d11a\" data-id=\"\"\/><\/figure><\/li><\/ul><\/figure>\n","protected":false},"excerpt":{"rendered":"<p>Es \u00abk\u00fcbelt\u00bb w\u00e4hrend der Hinfahrt mit dem Zug nach Luzern. Nach dem Ulmizberg-Lauf, welcher mir als Wiedereinstieg in den Berglauf-Wettkampf gedient hat, ist das hier erst mein zweiter Lauf dieses Jahr. Die Vorfreude ist riesig, vor allem wenn ich die Bilder der letztj\u00e4hrigen Erstaustragung des Trailruns anschaue, wo die vielen Treppen und Wurzelwege zu sehen &hellip; <a href=\"http:\/\/tatiana-von-allmen.ch\/wordpress\/?p=1503\" class=\"more-link\"><span class=\"screen-reader-text\">Sieg am Swiss TrailRun Pilatus LU &#8211; 22.8.2020<\/span> weiterlesen<\/a><\/p>\n","protected":false},"author":2,"featured_media":0,"comment_status":"open","ping_status":"closed","sticky":false,"template":"","format":"standard","meta":{"footnotes":""},"categories":[2],"tags":[14,15,16],"class_list":["post-1503","post","type-post","status-publish","format-standard","hentry","category-berglauf","tag-saison-2020","tag-sieg","tag-swiss-trailrun-pilatus"],"_links":{"self":[{"href":"http:\/\/tatiana-von-allmen.ch\/wordpress\/index.php?rest_route=\/wp\/v2\/posts\/1503","targetHints":{"allow":["GET"]}}],"collection":[{"href":"http:\/\/tatiana-von-allmen.ch\/wordpress\/index.php?rest_route=\/wp\/v2\/posts"}],"about":[{"href":"http:\/\/tatiana-von-allmen.ch\/wordpress\/index.php?rest_route=\/wp\/v2\/types\/post"}],"author":[{"embeddable":true,"href":"http:\/\/tatiana-von-allmen.ch\/wordpress\/index.php?rest_route=\/wp\/v2\/users\/2"}],"replies":[{"embeddable":true,"href":"http:\/\/tatiana-von-allmen.ch\/wordpress\/index.php?rest_route=%2Fwp%2Fv2%2Fcomments&post=1503"}],"version-history":[{"count":12,"href":"http:\/\/tatiana-von-allmen.ch\/wordpress\/index.php?rest_route=\/wp\/v2\/posts\/1503\/revisions"}],"predecessor-version":[{"id":1768,"href":"http:\/\/tatiana-von-allmen.ch\/wordpress\/index.php?rest_route=\/wp\/v2\/posts\/1503\/revisions\/1768"}],"wp:attachment":[{"href":"http:\/\/tatiana-von-allmen.ch\/wordpress\/index.php?rest_route=%2Fwp%2Fv2%2Fmedia&parent=1503"}],"wp:term":[{"taxonomy":"category","embeddable":true,"href":"http:\/\/tatiana-von-allmen.ch\/wordpress\/index.php?rest_route=%2Fwp%2Fv2%2Fcategories&post=1503"},{"taxonomy":"post_tag","embeddable":true,"href":"http:\/\/tatiana-von-allmen.ch\/wordpress\/index.php?rest_route=%2Fwp%2Fv2%2Ftags&post=1503"}],"curies":[{"name":"wp","href":"https:\/\/api.w.org\/{rel}","templated":true}]}}